{"id":7781,"date":"2026-09-03T13:56:32","date_gmt":"2026-09-03T10:56:32","guid":{"rendered":"https:\/\/www.hebo.fi\/fi\/?p=7781"},"modified":"2026-09-03T15:17:24","modified_gmt":"2026-09-03T12:17:24","slug":"barokkiorkesterin-matkassa-syksyn-luennot-keskustakirjasto-oodissa","status":"publish","type":"post","link":"https:\/\/www.hebo.fi\/fi\/2026\/09\/03\/barokkiorkesterin-matkassa-syksyn-luennot-keskustakirjasto-oodissa\/","title":{"rendered":"Barokkiorkesterin matkassa \u2013 syksyn luennot Keskustakirjasto Oodissa"},"content":{"rendered":"<p>Sellisti <strong>Heidi Peltoniemen <\/strong>suositut luennot Keskustakirjasto Oodissa jatkuvat j\u00e4lleen syksyll\u00e4 2026. Luennoilla syvennyt\u00e4\u00e4n Helsingin Barokkiorkesterin konserttisarjan teemoihin ja pohditaan, miten musiikki viestii kuulijalleen. Tiedon ja tarinoiden v\u00e4liss\u00e4 kuullaan sek\u00e4 tuttuja ett\u00e4 harvinaisempia musiikkihelmi\u00e4. Vapaa p\u00e4\u00e4sy.<\/p>\n<p>Maanantai 7.9. klo 18<br \/>\n<strong>Kristiina \u2013 taiteiden ja filosofian kuningatar<\/strong><\/p>\n<p>Maanantai 12.10. klo 18<br \/>\n<strong>Carl Philipp Emanuel Bach \u2013 tunteiden uusi kieli<\/strong><\/p>\n<p>Maanantai 16.11. klo 18<br \/>\n<strong>Viola da gamba ja viulu muuttuvassa maailmassa<\/strong><\/p>\n<p>Maanantai 7.12. klo 18<br \/>\n<strong>Antonio Vivaldi ja Venetsian ospedalet<\/strong><\/p>\n<p>Luentosarjan toteuttavat yhteisty\u00f6ss\u00e4 Helsingin Barokkiorkesteri ja Keskustakirjasto Oodi. Luentosarjaa tukee Suomen Kulttuurirahasto.<\/p>\n","protected":false},"excerpt":{"rendered":"<p>Sellisti Heidi Peltoniemen suositut luennot Keskustakirjasto Oodissa jatkuvat j\u00e4lleen syksyll\u00e4 2026. Luennoilla syvennyt\u00e4\u00e4n Helsingin Barokkiorkesterin konserttisarjan teemoihin ja pohditaan, miten musiikki viestii kuulijalleen. Tiedon ja tarinoiden v\u00e4liss\u00e4 kuullaan sek\u00e4 tuttuja ett\u00e4 harvinaisempia musiikkihelmi\u00e4. Vapaa p\u00e4\u00e4sy. Maanantai 7.9. klo 18 Kristiina \u2013 taiteiden ja filosofian kuningatar Maanantai 12.10. klo 18 Carl Philipp Emanuel Bach \u2013 tunteiden [&hellip;]<\/p>\n","protected":false},"author":6,"featured_media":7691,"comment_status":"closed","ping_status":"closed","sticky":false,"template":"","format":"standard","meta":{"_acf_changed":false,"footnotes":""},"categories":[1],"tags":[],"class_list":["post-7781","post","type-post","status-publish","format-standard","has-post-thumbnail","hentry","category-kuulumiset"],"acf":[],"_links":{"self":[{"href":"https:\/\/www.hebo.fi\/fi\/wp-json\/wp\/v2\/posts\/7781","targetHints":{"allow":["GET"]}}],"collection":[{"href":"https:\/\/www.hebo.fi\/fi\/wp-json\/wp\/v2\/posts"}],"about":[{"href":"https:\/\/www.hebo.fi\/fi\/wp-json\/wp\/v2\/types\/post"}],"author":[{"embeddable":true,"href":"https:\/\/www.hebo.fi\/fi\/wp-json\/wp\/v2\/users\/6"}],"replies":[{"embeddable":true,"href":"https:\/\/www.hebo.fi\/fi\/wp-json\/wp\/v2\/comments?post=7781"}],"version-history":[{"count":1,"href":"https:\/\/www.hebo.fi\/fi\/wp-json\/wp\/v2\/posts\/7781\/revisions"}],"predecessor-version":[{"id":7782,"href":"https:\/\/www.hebo.fi\/fi\/wp-json\/wp\/v2\/posts\/7781\/revisions\/7782"}],"wp:featuredmedia":[{"embeddable":true,"href":"https:\/\/www.hebo.fi\/fi\/wp-json\/wp\/v2\/media\/7691"}],"wp:attachment":[{"href":"https:\/\/www.hebo.fi\/fi\/wp-json\/wp\/v2\/media?parent=7781"}],"wp:term":[{"taxonomy":"category","embeddable":true,"href":"https:\/\/www.hebo.fi\/fi\/wp-json\/wp\/v2\/categories?post=7781"},{"taxonomy":"post_tag","embeddable":true,"href":"https:\/\/www.hebo.fi\/fi\/wp-json\/wp\/v2\/tags?post=7781"}],"curies":[{"name":"wp","href":"https:\/\/api.w.org\/{rel}","templated":true}]}}