{"id":6729,"date":"2022-08-18T09:03:14","date_gmt":"2022-08-18T06:03:14","guid":{"rendered":"https:\/\/www.hebo.fi\/fi\/?p=6729"},"modified":"2022-08-19T17:01:50","modified_gmt":"2022-08-19T14:01:50","slug":"helsingin-barokkiorkesterin-25-vuotisjuhlakauden-ohjelma-julkistettu","status":"publish","type":"post","link":"https:\/\/www.hebo.fi\/fi\/2022\/08\/18\/helsingin-barokkiorkesterin-25-vuotisjuhlakauden-ohjelma-julkistettu\/","title":{"rendered":"Helsingin Barokkiorkesteri juhlii 25. toimintavuottaan syksyn n\u00e4ytt\u00e4v\u00e4ll\u00e4 ohjelmalla"},"content":{"rendered":"<p>Vuonna 1997 kunnianhimoisten nuorten muusikoiden perustamana periodiorkesterina aloittanut Helsingin Barokkiorkesteri on nykyisin yksi Euroopan arvostetuimmista vanhan musiikin yhtyeist\u00e4. HeBo viett\u00e4\u00e4 25-vuotisjuhlavuottaan tulevana syksyn\u00e4.<\/p>\n<p>Syyskauden aloittaa virolainen <strong>Hortus Musicus<\/strong>, joka on yksi Euroopan vanhimmista ja maineikkaimmista vanhan musiikin ensembleist\u00e4. <strong>Andres Mustosen<\/strong> perustamalle kokoonpanolle tulee t\u00e4n\u00e4 vuonna ik\u00e4\u00e4 puoli vuosisataa. 18.9. Musiikkitalon konsertissa Camerata-salissa on ohjelmistossa musiikkia L\u00e4hi-id\u00e4n keskiaikaisesta repertuaarista italialaiseen varhaisbarokkiin.<\/p>\n<p>Helsingin Barokkiorkesteri juhlistaa 25. toimintavuottaan 16.10. Bernhard Crusellin musiikin parissa esittelem\u00e4ll\u00e4 s\u00e4velt\u00e4j\u00e4n my\u00f6h\u00e4ist\u00e4 orkesterimusiikkia. Vuonna 1775 Uudessakaupungissa syntynyt Bernhard\u00a0Crusell\u00a0teki loisteliaan uran Ruotsi-Suomen musiikkiel\u00e4m\u00e4n huipulla. Julkaisematon suurimuotoinen kantaatti <i>Den siste k\u00e4mpen<\/i> kuullaan ensi kertaa sitten s\u00e4velt\u00e4j\u00e4n p\u00e4ivien. Kantaatin kuoro on saksalainen <strong>Audi Jugendchorakademie<\/strong>. Konsertti on my\u00f6s osa Helsinki Early Music Festivalin ohjelmaa.<\/p>\n<p>Franz Schubertin merkitt\u00e4vin ooppera <i>Alfonso und Estrella<\/i> vuodelta 1822 esitet\u00e4\u00e4n marraskuussa ensimm\u00e4ist\u00e4 kertaa Suomessa. <strong>Vilppu Kiljusen<\/strong> ohjaamassa ja <strong>Sampo Pyh\u00e4l\u00e4n<\/strong> visualisoimassa dramatisoidussa esityksess\u00e4 Musiikkitalon konserttisali muuttuu unelmien saareksi. <strong>Aapo H\u00e4kkisen<\/strong> johtaman produktion kuorona toimii ensiluokkainen <strong>Cantemus-kamarikuoro<\/strong> Unkarista. Solisteina ovat <strong>Patrick Grahl<\/strong> (Alfonso), <strong>Lydia Teuscher<\/strong> (Estrella), <strong>Kre\u0161imir Stra\u017eanac<\/strong> (Froila), <strong>Johannes Weisser<\/strong> (Mauregato) sek\u00e4 <strong>Arttu Kataja<\/strong> (Adolfo).<\/p>\n<p>HeBo:n perinteinen joulukonsertti 11.12. Musiikkitalossa tuo suomalaiseen adventtiaikaan tuulahduksen ranskalaista eleganssia. Jean Gillesin (1668\u20131705) suosittu <i>Requiem<\/i> sai kantaesityksens\u00e4 s\u00e4velt\u00e4j\u00e4n omissa hautajaisissa, mutta kelpasi sittemmin hautajaismusiikiksi niin Rameaulle kuin Puolan ja Ranskan kuninkaillekin. Joulukuisen konsertin solisteina ovat <strong>Eug\u00e9nie Lefebvre<\/strong>,\u00a0sopraano, <strong>Mathias Vidal<\/strong> ja <strong>Cl\u00e9ment Debieuvre<\/strong>, tenori, sek\u00e4 <strong>David Witczack<\/strong>,\u00a0baritoni. Esityksen kuorona on maineikas Versaillesin barokkimusiikin keskuksen poikakuoro. Esityksen johtaa <strong>Fabien Armengaud<\/strong>.<\/p>\n<p>HeBo:n taiteellinen johtaja Aapo H\u00e4kkinen:<\/p>\n<p><i>\u201dJuhlavuoden suuret produktiot ovat juuri sit\u00e4, mik\u00e4 on aina ollut orkesterin toiminnassa keskeist\u00e4. Jokaisessa niist\u00e4 kuullaan ensimm\u00e4ist\u00e4 kertaa Suomessa suurteos, joka on saanut aiheetta vaieta historian lehdill\u00e4.<\/i> <i>On uskomatonta, miten arvokasta musiikkia niiss\u00e4 on j\u00e4\u00e4nyt k\u00e4yt\u00e4nn\u00f6ss\u00e4 tuntemattomaksi<span class=\"Apple-converted-space\">\u00a0<\/span><\/i><\/p>\n<p><i>Schubertin ooppera Alfonso und Estrella tulee ep\u00e4ilem\u00e4tt\u00e4 olemaan Helsingin Barokkiorkesterin toistaiseksi suurin haaste: kun oopperaa harjoiteltiin vuonna 1827, se todettiin mahdottomaksi soittaa. Toisen viulun \u00e4\u00e4nenjohtajamme Anna Gebert soitti Berliinin filharmonikoiden riveiss\u00e4, kun Nikolaus Harnoncourt johti teoksen vanhoilla p\u00e4ivill\u00e4\u00e4n \u2013 eik\u00e4 kuulemma ollut helppoa siell\u00e4k\u00e4\u00e4n!\u201d<\/i><\/p>\n<p>Lippuja kaikkiin konsertteihin myyd\u00e4\u00e4n Ticketmasterin verkkokaupassa ja palvelupisteiss\u00e4.<\/p>\n","protected":false},"excerpt":{"rendered":"<p>Vuonna 1997 kunnianhimoisten nuorten muusikoiden perustamana periodiorkesterina aloittanut Helsingin Barokkiorkesteri on nykyisin yksi Euroopan arvostetuimmista vanhan musiikin yhtyeist\u00e4. HeBo viett\u00e4\u00e4 25-vuotisjuhlavuottaan tulevana syksyn\u00e4. Syyskauden aloittaa virolainen Hortus Musicus, joka on yksi Euroopan vanhimmista ja maineikkaimmista vanhan musiikin ensembleist\u00e4. Andres Mustosen perustamalle kokoonpanolle tulee t\u00e4n\u00e4 vuonna ik\u00e4\u00e4 puoli vuosisataa. 18.9. Musiikkitalon konsertissa Camerata-salissa on ohjelmistossa musiikkia [&hellip;]<\/p>\n","protected":false},"author":6,"featured_media":6663,"comment_status":"closed","ping_status":"closed","sticky":false,"template":"","format":"standard","meta":{"_acf_changed":false,"footnotes":""},"categories":[51,1],"tags":[],"class_list":["post-6729","post","type-post","status-publish","format-standard","has-post-thumbnail","hentry","category-haastattelut","category-kuulumiset"],"acf":[],"_links":{"self":[{"href":"https:\/\/www.hebo.fi\/fi\/wp-json\/wp\/v2\/posts\/6729","targetHints":{"allow":["GET"]}}],"collection":[{"href":"https:\/\/www.hebo.fi\/fi\/wp-json\/wp\/v2\/posts"}],"about":[{"href":"https:\/\/www.hebo.fi\/fi\/wp-json\/wp\/v2\/types\/post"}],"author":[{"embeddable":true,"href":"https:\/\/www.hebo.fi\/fi\/wp-json\/wp\/v2\/users\/6"}],"replies":[{"embeddable":true,"href":"https:\/\/www.hebo.fi\/fi\/wp-json\/wp\/v2\/comments?post=6729"}],"version-history":[{"count":4,"href":"https:\/\/www.hebo.fi\/fi\/wp-json\/wp\/v2\/posts\/6729\/revisions"}],"predecessor-version":[{"id":6805,"href":"https:\/\/www.hebo.fi\/fi\/wp-json\/wp\/v2\/posts\/6729\/revisions\/6805"}],"wp:featuredmedia":[{"embeddable":true,"href":"https:\/\/www.hebo.fi\/fi\/wp-json\/wp\/v2\/media\/6663"}],"wp:attachment":[{"href":"https:\/\/www.hebo.fi\/fi\/wp-json\/wp\/v2\/media?parent=6729"}],"wp:term":[{"taxonomy":"category","embeddable":true,"href":"https:\/\/www.hebo.fi\/fi\/wp-json\/wp\/v2\/categories?post=6729"},{"taxonomy":"post_tag","embeddable":true,"href":"https:\/\/www.hebo.fi\/fi\/wp-json\/wp\/v2\/tags?post=6729"}],"curies":[{"name":"wp","href":"https:\/\/api.w.org\/{rel}","templated":true}]}}