{"id":6507,"date":"2021-06-21T09:42:03","date_gmt":"2021-06-21T06:42:03","guid":{"rendered":"https:\/\/www.hebo.fi\/fi\/?p=6507"},"modified":"2021-06-21T09:42:03","modified_gmt":"2021-06-21T06:42:03","slug":"janakkalan-barokki-soi-jalleen-heinakuussa","status":"publish","type":"post","link":"https:\/\/www.hebo.fi\/fi\/2021\/06\/21\/janakkalan-barokki-soi-jalleen-heinakuussa\/","title":{"rendered":"Janakkalan Barokki soi j\u00e4lleen hein\u00e4kuussa"},"content":{"rendered":"<p style=\"font-weight: 400;\">Janakkalan Barokki j\u00e4rjestet\u00e4\u00e4n t\u00e4n\u00e4 vuonna 3.-4.7. Viime kes\u00e4n\u00e4 pandemiatilanteen takia peruuntunut ohjelma toteutuu pienin muutoksin t\u00e4n\u00e4 vuonna.<\/p>\n<p style=\"font-weight: 400;\">&#8221;Pitk\u00e4n tauon j\u00e4lkeen p\u00e4\u00e4semme j\u00e4lleen soittamaan Helsingin barokkiorkesterin kanssa el\u00e4v\u00e4n yleis\u00f6n edess\u00e4. Olen iloinen, ett\u00e4 voimme tehd\u00e4 sen juuri Janakkalassa, jonka festivaalista on tullut orkesterillemme kes\u00e4n kohokohta&#8221;, sanoo Janakkalan Barokin ja Helsingin barokkiorkesterin taiteellinen johtaja\u00a0<strong>Aapo H\u00e4kkinen<\/strong>.<\/p>\n<p>Lauantain urkukonsertissa kuullaan mm. J. S. Bachin ja Couperinin musiikkia.\u00a0Pariisin maineikkaan Saint-Louis-en-l\u2019\u00cele-kirkon t\u00e4htiurkuri\u00a0<strong>Benjamin Alard<\/strong>\u00a0tuo Janakkalaan ranskalaispainotteisen ohjelman. Pyh\u00e4n Laurin kirkon ainutlaatuisilla uruilla Bachin ja aikalaisten teosten kaikki v\u00e4ris\u00e4vyt soivat kes\u00e4illassa t\u00e4ydess\u00e4 loistossaan.<\/p>\n<p>Lauantai-ilta jatkuu klo 20 Keltaisen talon\u00a0<em>Kansanmusiikkia ja iltapalaa<\/em>\u00a0-tilaisuudessa.\u00a0\u00c4\u00e4nimaisena, visuaalinen maisema, mielenmaisema \u2013 n\u00e4m\u00e4 kaikki kietoutuvat toisiinsa\u00a0<strong>Eva Alkulan<\/strong>\u00a0suunnittelemassa kiehtovassa ohjelmassa, jossa kuullaan suomalaisia ja japanilaisia kansans\u00e4velmi\u00e4, improvisaatiota sek\u00e4 erilaisista maisemista inspiroituneita s\u00e4vellyksi\u00e4. S\u00e4\u00e4n salliessa konsertti j\u00e4rjestet\u00e4\u00e4n ulkona.<\/p>\n<p>Sunnuntaina\u00a0<strong>Lasten barokki<\/strong>\u00a0Laurinm\u00e4en tunnelmallisella torpparimuseolla tutustuttaa vanhan musiikin maailmaan iloisen kepe\u00e4ll\u00e4 otteella.\u00a0<strong>S\u00e4il\u00e4tt\u00e4ret<\/strong>\u00a0-ryhm\u00e4 esitt\u00e4\u00e4\u00a0<strong>H\u00e4rk\u00e4tien Leikareiden<\/strong>\u00a0s\u00e4est\u00e4m\u00e4n\u00e4 otteita sirkusta, teatteria, liikett\u00e4 ja musiikkia yhdist\u00e4v\u00e4st\u00e4 teoksesta\u00a0<em>Pyh\u00e4n P\u00e4\u00e4ryn\u00e4n Legenda<\/em>.\u00a0<strong>Minna Hokka<\/strong>\u00a0esittelee perinnesoittimia.<\/p>\n<p style=\"font-weight: 400;\">Festivaalin p\u00e4\u00e4t\u00f6skonsertissa J. S. Bachin virtuoosiset cembalokonsertot ja teokset soolouruille asettuvat rinnan s\u00e4velt\u00e4j\u00e4n pohjoissaksalaisten edelt\u00e4jiens\u00e4 kanssa. Reinckenin sanoin: edelt\u00e4jien\u00a0<em>stylus phantasticus<\/em>\u00a0-tyyli \u201cel\u00e4\u00e4 Bachissa\u201d. Cembaloa soittaa ja Helsingin Barokkiorkesteria johtaa<strong>\u00a0<\/strong>Aapo H\u00e4kkinen.<\/p>\n<p>Tapahtuman j\u00e4rjest\u00e4misess\u00e4 yleis\u00f6n ja esiintyjien turvallisuus on etusijalla: j\u00e4rjestelyiss\u00e4 otetaan tarkasti huomioon viranomaisten antamat m\u00e4\u00e4r\u00e4ykset. Festivaaliorganisaatio seuraa tiiviisti koronatilanteen kehittymist\u00e4 ja sopeuttaa j\u00e4rjestelyt vallitsevan tilanteen mukaan.<\/p>\n<p>Janakkalan Barokin tuottaa Helsingin Barokkiorkesteri yhteisty\u00f6ss\u00e4 Janakkalan kunnan ja Janakkalan seurakunnan kanssa.<\/p>\n","protected":false},"excerpt":{"rendered":"<p>Janakkalan Barokki j\u00e4rjestet\u00e4\u00e4n t\u00e4n\u00e4 vuonna 3.-4.7. Viime kes\u00e4n\u00e4 pandemiatilanteen takia peruuntunut ohjelma toteutuu pienin muutoksin t\u00e4n\u00e4 vuonna. &#8221;Pitk\u00e4n tauon j\u00e4lkeen p\u00e4\u00e4semme j\u00e4lleen soittamaan Helsingin barokkiorkesterin kanssa el\u00e4v\u00e4n yleis\u00f6n edess\u00e4. Olen iloinen, ett\u00e4 voimme tehd\u00e4 sen juuri Janakkalassa, jonka festivaalista on tullut orkesterillemme kes\u00e4n kohokohta&#8221;, sanoo Janakkalan Barokin ja Helsingin barokkiorkesterin taiteellinen johtaja\u00a0Aapo H\u00e4kkinen. Lauantain urkukonsertissa [&hellip;]<\/p>\n","protected":false},"author":6,"featured_media":4294,"comment_status":"closed","ping_status":"closed","sticky":false,"template":"","format":"standard","meta":{"_acf_changed":false,"footnotes":""},"categories":[1],"tags":[],"class_list":["post-6507","post","type-post","status-publish","format-standard","has-post-thumbnail","hentry","category-kuulumiset"],"acf":[],"_links":{"self":[{"href":"https:\/\/www.hebo.fi\/fi\/wp-json\/wp\/v2\/posts\/6507","targetHints":{"allow":["GET"]}}],"collection":[{"href":"https:\/\/www.hebo.fi\/fi\/wp-json\/wp\/v2\/posts"}],"about":[{"href":"https:\/\/www.hebo.fi\/fi\/wp-json\/wp\/v2\/types\/post"}],"author":[{"embeddable":true,"href":"https:\/\/www.hebo.fi\/fi\/wp-json\/wp\/v2\/users\/6"}],"replies":[{"embeddable":true,"href":"https:\/\/www.hebo.fi\/fi\/wp-json\/wp\/v2\/comments?post=6507"}],"version-history":[{"count":1,"href":"https:\/\/www.hebo.fi\/fi\/wp-json\/wp\/v2\/posts\/6507\/revisions"}],"predecessor-version":[{"id":6508,"href":"https:\/\/www.hebo.fi\/fi\/wp-json\/wp\/v2\/posts\/6507\/revisions\/6508"}],"wp:featuredmedia":[{"embeddable":true,"href":"https:\/\/www.hebo.fi\/fi\/wp-json\/wp\/v2\/media\/4294"}],"wp:attachment":[{"href":"https:\/\/www.hebo.fi\/fi\/wp-json\/wp\/v2\/media?parent=6507"}],"wp:term":[{"taxonomy":"category","embeddable":true,"href":"https:\/\/www.hebo.fi\/fi\/wp-json\/wp\/v2\/categories?post=6507"},{"taxonomy":"post_tag","embeddable":true,"href":"https:\/\/www.hebo.fi\/fi\/wp-json\/wp\/v2\/tags?post=6507"}],"curies":[{"name":"wp","href":"https:\/\/api.w.org\/{rel}","templated":true}]}}