{"id":6491,"date":"2021-05-10T15:50:28","date_gmt":"2021-05-10T12:50:28","guid":{"rendered":"https:\/\/www.hebo.fi\/fi\/?p=6491"},"modified":"2021-05-10T15:50:28","modified_gmt":"2021-05-10T12:50:28","slug":"syksyn-lipunmyynti-on-avattu","status":"publish","type":"post","link":"https:\/\/www.hebo.fi\/fi\/2021\/05\/10\/syksyn-lipunmyynti-on-avattu\/","title":{"rendered":"Syksyn lipunmyynti on avattu"},"content":{"rendered":"<div class=\"kvgmc6g5 cxmmr5t8 oygrvhab hcukyx3x c1et5uql ii04i59q\">\n<div dir=\"auto\">Syyskauden Vanhan musiikin sarjan lipunmyynti on avattu t\u00e4n\u00e4\u00e4n! 10-vuotista taivaltaan juhlivat ensi syksyn\u00e4 niin Musiikkitalo kuin ohjelmistoon alusta asti kuulunut HeBo:n Vanhan musiikin sarjakin. Kausi alkaa <strong>Aapo H\u00e4kkisen<\/strong> cembaloresitaalilla ja p\u00e4\u00e4ttyy joulukuussa vakiovieraamme <strong>Dmitry Sinkovskyn<\/strong> johdolla <em>Brandenburgilaisiin konserttoihin<\/em>. V\u00e4liss\u00e4 kuullaan kiertueelle l\u00e4htev\u00e4n Matteus-passion lis\u00e4ksi oopperaa: lokakuussa kolmen s\u00e4velt\u00e4j\u00e4n <em>Liebestod<\/em>-aiheita Musiikkitalossa ja marraskuussa kaksi ranskalaista minioopperaa Finlandia-talossa.<\/p>\n<\/div>\n<\/div>\n<div class=\"o9v6fnle cxmmr5t8 oygrvhab hcukyx3x c1et5uql ii04i59q\">\n<div dir=\"auto\"><\/div>\n<div dir=\"auto\">Tutustu ohjelmaan l\u00e4hemmin <a href=\"https:\/\/indd.adobe.com\/view\/f2e6cd2d-e094-41c3-8c2a-a12fdd1ca10b\">syksyn esitteess\u00e4<\/a>.<\/p>\n<\/div>\n<\/div>\n<div class=\"o9v6fnle cxmmr5t8 oygrvhab hcukyx3x c1et5uql ii04i59q\">\n<div dir=\"auto\"><\/div>\n<div dir=\"auto\">Lippuja kaikkiin konsertteihin myyd\u00e4\u00e4n tuttuun tapaan Ticketmasterin verkkokaupassa ja palvelupisteiss\u00e4.<\/div>\n<\/div>\n","protected":false},"excerpt":{"rendered":"<p>Syyskauden Vanhan musiikin sarjan lipunmyynti on avattu t\u00e4n\u00e4\u00e4n! 10-vuotista taivaltaan juhlivat ensi syksyn\u00e4 niin Musiikkitalo kuin ohjelmistoon alusta asti kuulunut HeBo:n Vanhan musiikin sarjakin. Kausi alkaa Aapo H\u00e4kkisen cembaloresitaalilla ja p\u00e4\u00e4ttyy joulukuussa vakiovieraamme Dmitry Sinkovskyn johdolla Brandenburgilaisiin konserttoihin. V\u00e4liss\u00e4 kuullaan kiertueelle l\u00e4htev\u00e4n Matteus-passion lis\u00e4ksi oopperaa: lokakuussa kolmen s\u00e4velt\u00e4j\u00e4n Liebestod-aiheita Musiikkitalossa ja marraskuussa kaksi ranskalaista minioopperaa [&hellip;]<\/p>\n","protected":false},"author":6,"featured_media":6493,"comment_status":"closed","ping_status":"closed","sticky":false,"template":"","format":"standard","meta":{"_acf_changed":false,"footnotes":""},"categories":[1],"tags":[],"class_list":["post-6491","post","type-post","status-publish","format-standard","has-post-thumbnail","hentry","category-kuulumiset"],"acf":[],"_links":{"self":[{"href":"https:\/\/www.hebo.fi\/fi\/wp-json\/wp\/v2\/posts\/6491","targetHints":{"allow":["GET"]}}],"collection":[{"href":"https:\/\/www.hebo.fi\/fi\/wp-json\/wp\/v2\/posts"}],"about":[{"href":"https:\/\/www.hebo.fi\/fi\/wp-json\/wp\/v2\/types\/post"}],"author":[{"embeddable":true,"href":"https:\/\/www.hebo.fi\/fi\/wp-json\/wp\/v2\/users\/6"}],"replies":[{"embeddable":true,"href":"https:\/\/www.hebo.fi\/fi\/wp-json\/wp\/v2\/comments?post=6491"}],"version-history":[{"count":2,"href":"https:\/\/www.hebo.fi\/fi\/wp-json\/wp\/v2\/posts\/6491\/revisions"}],"predecessor-version":[{"id":6494,"href":"https:\/\/www.hebo.fi\/fi\/wp-json\/wp\/v2\/posts\/6491\/revisions\/6494"}],"wp:featuredmedia":[{"embeddable":true,"href":"https:\/\/www.hebo.fi\/fi\/wp-json\/wp\/v2\/media\/6493"}],"wp:attachment":[{"href":"https:\/\/www.hebo.fi\/fi\/wp-json\/wp\/v2\/media?parent=6491"}],"wp:term":[{"taxonomy":"category","embeddable":true,"href":"https:\/\/www.hebo.fi\/fi\/wp-json\/wp\/v2\/categories?post=6491"},{"taxonomy":"post_tag","embeddable":true,"href":"https:\/\/www.hebo.fi\/fi\/wp-json\/wp\/v2\/tags?post=6491"}],"curies":[{"name":"wp","href":"https:\/\/api.w.org\/{rel}","templated":true}]}}