{"id":6442,"date":"2021-02-15T15:56:37","date_gmt":"2021-02-15T13:56:37","guid":{"rendered":"https:\/\/www.hebo.fi\/fi\/?p=6442"},"modified":"2021-02-17T15:51:28","modified_gmt":"2021-02-17T13:51:28","slug":"janakkalan-barokin-lipunmyynti-avattu-tanaan","status":"publish","type":"post","link":"https:\/\/www.hebo.fi\/fi\/2021\/02\/15\/janakkalan-barokin-lipunmyynti-avattu-tanaan\/","title":{"rendered":"Janakkalan Barokin lipunmyynti avattu"},"content":{"rendered":"<p>Janakkalan Barokki soi j\u00e4lleen 2.-4.7. Viime kes\u00e4n\u00e4 peruuntunut ohjelma toteutuu pienin muutoksin t\u00e4n\u00e4 vuonna.<\/p>\n<p>Festivaalin avaa 2.7. vieraileva t\u0161ekkil\u00e4isyhtye <strong>Wranitzky Kapelle<\/strong>. Avajaiskonsertissa kuullaan C. P. E. Bachin, Bendan ja Mozartin ik\u00e4toverin Wranitzkyn musiikkia.<\/p>\n<p>Urkukonsertissa kuullaan mm. J. S. Bachin ja Couperinin musiikkia. Pyh\u00e4n Laurin kirkon komeita, puhtaasti varhaisbarokin ihanteita noudattavia urkuja soittaa ranskalainen <strong>Benjamin Alard<\/strong>.<\/p>\n<p>Keltaisen talon <em>Kansanmusiikkia ja iltapalaa<\/em> -tilaisuudessa <strong>Eva Alkula<\/strong> (kantele) ja <strong>Pippa Reid-Foster\u00a0<\/strong>(skotlantilainen harppu) soittavat suomalaista ja skotlantilaista kansanmusiikkia. Ohjelmisto painottuu ilmavaan ja hieman minimalistisvaikutteiseen musiikkiin.<\/p>\n<p>Festivaalin p\u00e4\u00e4t\u00f6skonsertissa kuullaan Bachin cembalokonserttoja ja h\u00e4nen pohjoissaksalaisten edelt\u00e4jiens\u00e4 Kirchoffin ja Reinckenin musiikkia. Cembaloa soittaa ja Helsingin Barokkiorkesteria johtaa festivaalin taiteellinen johtaja <strong>Aapo H\u00e4kkinen.<\/strong><\/p>\n<p>Liput ovat myynniss\u00e4 Ticketmasterin <a href=\"https:\/\/www.ticketmaster.fi\/search\/?keyword=hebo+janakkala\">verkkokaupassa<\/a> ja palvelupisteiss\u00e4.<\/p>\n<p>&nbsp;<\/p>\n<p>&nbsp;<\/p>\n<p>&nbsp;<\/p>\n","protected":false},"excerpt":{"rendered":"<p>Janakkalan Barokki soi j\u00e4lleen 2.-4.7. Viime kes\u00e4n\u00e4 peruuntunut ohjelma toteutuu pienin muutoksin t\u00e4n\u00e4 vuonna. Festivaalin avaa 2.7. vieraileva t\u0161ekkil\u00e4isyhtye Wranitzky Kapelle. Avajaiskonsertissa kuullaan C. P. E. Bachin, Bendan ja Mozartin ik\u00e4toverin Wranitzkyn musiikkia. Urkukonsertissa kuullaan mm. J. S. Bachin ja Couperinin musiikkia. Pyh\u00e4n Laurin kirkon komeita, puhtaasti varhaisbarokin ihanteita noudattavia urkuja soittaa ranskalainen Benjamin Alard. [&hellip;]<\/p>\n","protected":false},"author":6,"featured_media":6449,"comment_status":"closed","ping_status":"closed","sticky":false,"template":"","format":"standard","meta":{"_acf_changed":false,"footnotes":""},"categories":[1],"tags":[],"class_list":["post-6442","post","type-post","status-publish","format-standard","has-post-thumbnail","hentry","category-kuulumiset"],"acf":[],"_links":{"self":[{"href":"https:\/\/www.hebo.fi\/fi\/wp-json\/wp\/v2\/posts\/6442","targetHints":{"allow":["GET"]}}],"collection":[{"href":"https:\/\/www.hebo.fi\/fi\/wp-json\/wp\/v2\/posts"}],"about":[{"href":"https:\/\/www.hebo.fi\/fi\/wp-json\/wp\/v2\/types\/post"}],"author":[{"embeddable":true,"href":"https:\/\/www.hebo.fi\/fi\/wp-json\/wp\/v2\/users\/6"}],"replies":[{"embeddable":true,"href":"https:\/\/www.hebo.fi\/fi\/wp-json\/wp\/v2\/comments?post=6442"}],"version-history":[{"count":6,"href":"https:\/\/www.hebo.fi\/fi\/wp-json\/wp\/v2\/posts\/6442\/revisions"}],"predecessor-version":[{"id":6452,"href":"https:\/\/www.hebo.fi\/fi\/wp-json\/wp\/v2\/posts\/6442\/revisions\/6452"}],"wp:featuredmedia":[{"embeddable":true,"href":"https:\/\/www.hebo.fi\/fi\/wp-json\/wp\/v2\/media\/6449"}],"wp:attachment":[{"href":"https:\/\/www.hebo.fi\/fi\/wp-json\/wp\/v2\/media?parent=6442"}],"wp:term":[{"taxonomy":"category","embeddable":true,"href":"https:\/\/www.hebo.fi\/fi\/wp-json\/wp\/v2\/categories?post=6442"},{"taxonomy":"post_tag","embeddable":true,"href":"https:\/\/www.hebo.fi\/fi\/wp-json\/wp\/v2\/tags?post=6442"}],"curies":[{"name":"wp","href":"https:\/\/api.w.org\/{rel}","templated":true}]}}