{"id":6199,"date":"2020-07-31T11:26:38","date_gmt":"2020-07-31T08:26:38","guid":{"rendered":"https:\/\/www.hebo.fi\/fi\/?p=6199"},"modified":"2020-07-31T11:27:18","modified_gmt":"2020-07-31T08:27:18","slug":"janakkalan-syyskonsertin-lipunmyynti-alkaa-1-8","status":"publish","type":"post","link":"https:\/\/www.hebo.fi\/fi\/2020\/07\/31\/janakkalan-syyskonsertin-lipunmyynti-alkaa-1-8\/","title":{"rendered":"Janakkalan syyskonsertin lipunmyynti alkaa 1.8."},"content":{"rendered":"\n<p>Perinteisesti kes\u00e4kuun viimeisen\u00e4 viikonloppuna j\u00e4rjestetty Janakkalan Barokki jouduttiin t\u00e4n\u00e4 vuonna perumaan koronapandemian takia. Kes\u00e4lle suunniteltu ohjelma siirret\u00e4\u00e4n l\u00e4hes sellaisenaan vuodella eteenp\u00e4in.<\/p>\n\n\n\n<p>Jotta kuluvana vuonna Janakkalassa ei j\u00e4\u00e4t\u00e4isi t\u00e4ysin vaille musiikkitapahtumaa, festivaaliorganisaatio p\u00e4\u00e4tti j\u00e4rjest\u00e4\u00e4 korvaavan tapahtuman Pyh\u00e4n Laurin kirkon 500-vuotisp\u00e4iv\u00e4n\u00e4 19.9.2020.&nbsp;<\/p>\n\n\n\n<p>&#8221;Kirkon vihkimisen 500-vuotisp\u00e4iv\u00e4 on hieno tilaisuus erityislaatuiselle juhlakonsertille&#8221;, sanoo tapahtuman taiteellinen johtaja Aapo H\u00e4kkinen. &#8221;Ohjelmassa on yhtye- ja urkumusiikkia, teemalla Bach ja fuugan taide. Kirkon suuret, saksalaista barokkityyli\u00e4 edustavat urut ovat Suomessa ainutlaatuiset, ja festivaali on aina rakentunut niiden ymp\u00e4rille.&#8221;&nbsp; &nbsp;&nbsp;<\/p>\n\n\n\n<p>Juhlakonsertin j\u00e4lkeen &#8221;minifestivaali&#8221; jatkuu viel\u00e4 klo 20 tunnelmallisella kamarimusiikkikonsertilla Keltaisella talolla.<\/p>\n\n\n\n<p>Syyskuun tapahtuman j\u00e4rjest\u00e4misess\u00e4 yleis\u00f6n ja esiintyjien turvallisuus on etusijalla: j\u00e4rjestelyiss\u00e4 otetaan tarkasti huomioon viranomaisten antamat m\u00e4\u00e4r\u00e4ykset. Festivaaliorganisaatio seuraa tiiviisti koronatilanteen kehittymist\u00e4 ja sopeuttaa j\u00e4rjestelyt syksyn tilanteen mukaan. Lipunmyynti tapahtumaan aloitetaan 1. elokuuta.<\/p>\n\n\n\n<p>Janakkalan Barokin tuottaa Helsingin Barokkiorkesteri yhteisty\u00f6ss\u00e4 Janakkalan kunnan ja Janakkalan seurakunnan kanssa.&nbsp;<\/p>\n","protected":false},"excerpt":{"rendered":"<p>Perinteisesti kes\u00e4kuun viimeisen\u00e4 viikonloppuna j\u00e4rjestetty Janakkalan Barokki jouduttiin t\u00e4n\u00e4 vuonna perumaan koronapandemian takia. Kes\u00e4lle suunniteltu ohjelma siirret\u00e4\u00e4n l\u00e4hes sellaisenaan vuodella eteenp\u00e4in. Jotta kuluvana vuonna Janakkalassa ei j\u00e4\u00e4t\u00e4isi t\u00e4ysin vaille musiikkitapahtumaa, festivaaliorganisaatio p\u00e4\u00e4tti j\u00e4rjest\u00e4\u00e4 korvaavan tapahtuman Pyh\u00e4n Laurin kirkon 500-vuotisp\u00e4iv\u00e4n\u00e4 19.9.2020.&nbsp; &#8221;Kirkon vihkimisen 500-vuotisp\u00e4iv\u00e4 on hieno tilaisuus erityislaatuiselle juhlakonsertille&#8221;, sanoo tapahtuman taiteellinen johtaja Aapo H\u00e4kkinen. &#8221;Ohjelmassa [&hellip;]<\/p>\n","protected":false},"author":6,"featured_media":6180,"comment_status":"closed","ping_status":"closed","sticky":false,"template":"","format":"standard","meta":{"_acf_changed":false,"footnotes":""},"categories":[1],"tags":[53,52],"class_list":["post-6199","post","type-post","status-publish","format-standard","has-post-thumbnail","hentry","category-kuulumiset","tag-barokki","tag-janakkala"],"acf":[],"_links":{"self":[{"href":"https:\/\/www.hebo.fi\/fi\/wp-json\/wp\/v2\/posts\/6199","targetHints":{"allow":["GET"]}}],"collection":[{"href":"https:\/\/www.hebo.fi\/fi\/wp-json\/wp\/v2\/posts"}],"about":[{"href":"https:\/\/www.hebo.fi\/fi\/wp-json\/wp\/v2\/types\/post"}],"author":[{"embeddable":true,"href":"https:\/\/www.hebo.fi\/fi\/wp-json\/wp\/v2\/users\/6"}],"replies":[{"embeddable":true,"href":"https:\/\/www.hebo.fi\/fi\/wp-json\/wp\/v2\/comments?post=6199"}],"version-history":[{"count":5,"href":"https:\/\/www.hebo.fi\/fi\/wp-json\/wp\/v2\/posts\/6199\/revisions"}],"predecessor-version":[{"id":6204,"href":"https:\/\/www.hebo.fi\/fi\/wp-json\/wp\/v2\/posts\/6199\/revisions\/6204"}],"wp:featuredmedia":[{"embeddable":true,"href":"https:\/\/www.hebo.fi\/fi\/wp-json\/wp\/v2\/media\/6180"}],"wp:attachment":[{"href":"https:\/\/www.hebo.fi\/fi\/wp-json\/wp\/v2\/media?parent=6199"}],"wp:term":[{"taxonomy":"category","embeddable":true,"href":"https:\/\/www.hebo.fi\/fi\/wp-json\/wp\/v2\/categories?post=6199"},{"taxonomy":"post_tag","embeddable":true,"href":"https:\/\/www.hebo.fi\/fi\/wp-json\/wp\/v2\/tags?post=6199"}],"curies":[{"name":"wp","href":"https:\/\/api.w.org\/{rel}","templated":true}]}}