{"id":5652,"date":"2018-08-24T12:00:15","date_gmt":"2018-08-24T09:00:15","guid":{"rendered":"https:\/\/www.hebo.fi\/fi\/?p=5652"},"modified":"2018-11-22T21:18:05","modified_gmt":"2018-11-22T19:18:05","slug":"marta-schmidt-helsingin-barokkiorkesterin-toiminnanjohtajaksi","status":"publish","type":"post","link":"https:\/\/www.hebo.fi\/fi\/2018\/08\/24\/marta-schmidt-helsingin-barokkiorkesterin-toiminnanjohtajaksi\/","title":{"rendered":"M\u00e1rta Schmidt Helsingin Barokkiorkesterin toiminnanjohtajaksi"},"content":{"rendered":"<div>\n<p>Helsingin Barokkiorkesterin toiminnanjohtajana aloittaa 1. syyskuuta FM M\u00e1rta Schmidt.<\/p>\n<p>Schmidt siirtyy teht\u00e4v\u00e4\u00e4n Sata-H\u00e4me Soi -festivaalin toiminnanjohtajan paikalta.<\/p>\n<p>Schmidt on ty\u00f6skennellyt lukuisissa musiikkialan hallintoteht\u00e4viss\u00e4, kuten Kuhmon Kamarimusiikissa, Helsingin Vanhan musiikin viikolla ja BRQ Vantaa -festivaalin toiminnanjohtajana. Erityisesti vanhan musiikin kent\u00e4ll\u00e4 Schmidtille on kertynyt ty\u00f6kokemusta 14 vuoden ajalta. Luottamusteht\u00e4viss\u00e4 h\u00e4n on toiminut mm. Pohjoismaiden vanhan musiikin verkoston Nordemin p\u00e4\u00e4sihteerin\u00e4 sek\u00e4 2015\u20132018 Euroopan vanhan musiikin festivaalien verkoston REMA:n johtokunnan j\u00e4senen\u00e4. Vuodesta 2017 h\u00e4n on vaikuttanut Finland Festivalsin hallituksen j\u00e4senen\u00e4.<\/p>\n<p>Koulutukseltaan Schmidt on peruskoulun historian ja musiikin opettaja sek\u00e4 filosofian maisteri (p\u00e4\u00e4aine musiikkitiede). Schmidt on lis\u00e4ksi suorittanut monia johtamisen ja projektinhallinnan jatkokoulutuksia, kuten Executive Program in Arts and Culture Strategy Pennsylvanian yliopistossa.<\/p>\n<p>Schmidt on kotoisin Unkarista ja asunut Suomessa vuodesta 1986.<\/p>\n<p>Helsingin Barokkiorkesterissa Schmidt tulee vastaamaan mm. rahoitushallinnosta sek\u00e4 orkesterin toiminnan kehitt\u00e4misest\u00e4 yhdess\u00e4 taiteellisen johtajan kanssa.<\/p>\n<\/div>\n","protected":false},"excerpt":{"rendered":"<p>Helsingin Barokkiorkesterin toiminnanjohtajana aloittaa 1. syyskuuta FM M\u00e1rta Schmidt. Schmidt siirtyy teht\u00e4v\u00e4\u00e4n Sata-H\u00e4me Soi -festivaalin toiminnanjohtajan paikalta. Schmidt on ty\u00f6skennellyt lukuisissa musiikkialan hallintoteht\u00e4viss\u00e4, kuten Kuhmon Kamarimusiikissa, Helsingin Vanhan musiikin viikolla ja BRQ Vantaa -festivaalin toiminnanjohtajana. Erityisesti vanhan musiikin kent\u00e4ll\u00e4 Schmidtille on kertynyt ty\u00f6kokemusta 14 vuoden ajalta. Luottamusteht\u00e4viss\u00e4 h\u00e4n on toiminut mm. Pohjoismaiden vanhan musiikin verkoston [&hellip;]<\/p>\n","protected":false},"author":6,"featured_media":5653,"comment_status":"closed","ping_status":"closed","sticky":false,"template":"","format":"standard","meta":{"_acf_changed":false,"footnotes":""},"categories":[1],"tags":[],"class_list":["post-5652","post","type-post","status-publish","format-standard","has-post-thumbnail","hentry","category-kuulumiset"],"acf":[],"_links":{"self":[{"href":"https:\/\/www.hebo.fi\/fi\/wp-json\/wp\/v2\/posts\/5652","targetHints":{"allow":["GET"]}}],"collection":[{"href":"https:\/\/www.hebo.fi\/fi\/wp-json\/wp\/v2\/posts"}],"about":[{"href":"https:\/\/www.hebo.fi\/fi\/wp-json\/wp\/v2\/types\/post"}],"author":[{"embeddable":true,"href":"https:\/\/www.hebo.fi\/fi\/wp-json\/wp\/v2\/users\/6"}],"replies":[{"embeddable":true,"href":"https:\/\/www.hebo.fi\/fi\/wp-json\/wp\/v2\/comments?post=5652"}],"version-history":[{"count":8,"href":"https:\/\/www.hebo.fi\/fi\/wp-json\/wp\/v2\/posts\/5652\/revisions"}],"predecessor-version":[{"id":5720,"href":"https:\/\/www.hebo.fi\/fi\/wp-json\/wp\/v2\/posts\/5652\/revisions\/5720"}],"wp:featuredmedia":[{"embeddable":true,"href":"https:\/\/www.hebo.fi\/fi\/wp-json\/wp\/v2\/media\/5653"}],"wp:attachment":[{"href":"https:\/\/www.hebo.fi\/fi\/wp-json\/wp\/v2\/media?parent=5652"}],"wp:term":[{"taxonomy":"category","embeddable":true,"href":"https:\/\/www.hebo.fi\/fi\/wp-json\/wp\/v2\/categories?post=5652"},{"taxonomy":"post_tag","embeddable":true,"href":"https:\/\/www.hebo.fi\/fi\/wp-json\/wp\/v2\/tags?post=5652"}],"curies":[{"name":"wp","href":"https:\/\/api.w.org\/{rel}","templated":true}]}}