{"id":5512,"date":"2018-04-16T08:44:46","date_gmt":"2018-04-16T05:44:46","guid":{"rendered":"https:\/\/www.hebo.fi\/fi\/?p=5512"},"modified":"2018-04-16T08:50:15","modified_gmt":"2018-04-16T05:50:15","slug":"vanhan-musiikin-sarjan-syyskausi-on-avattu-myyntiin","status":"publish","type":"post","link":"https:\/\/www.hebo.fi\/fi\/2018\/04\/16\/vanhan-musiikin-sarjan-syyskausi-on-avattu-myyntiin\/","title":{"rendered":"Vanhan musiikin sarjan syyskausi on avattu myyntiin"},"content":{"rendered":"<p>Syyskausi k\u00e4ynnistyy Bachin loistokkaalla h\u00e4\u00e4kantaatilla <em>Weichet nur, betr\u00fcbte Schatten<\/em> sek\u00e4 Bachin aikalaisten phantasticus-musiikilla Tukholmasta ja Lyypekist\u00e4. <\/p>\n<p>Syksyn suurtapahtuma on <em>Amour de loin &#8211; arabien V\u00e4limeri<\/em>. Se on jatkoa vuoden 2015 uudenvuoden konsertin my\u00f6t\u00e4 ilmi\u00f6ksi nousseelle orkesterin ja fadotaiteilijoiden yhteisty\u00f6lle. Fadon ja barokin yhteyksi\u00e4 tutkinut, suuren suosion saavuttanut projekti j\u00e4i kytem\u00e4\u00e4n taiteilijoiden mieliin ja saa nyt jatkoa. T\u00e4ll\u00e4 kertaa fadoa, barokkia, eri maiden kansainperinteit\u00e4 ja nykymusiikkia yhdistelev\u00e4 ohjelman yhteinen nimitt\u00e4j\u00e4 on V\u00e4limeri, joka on paitsi alue my\u00f6s sielunmaisema. <\/p>\n<p>V\u00e4limerelt\u00e4 palataan intiimimp\u00e4\u00e4n tunnelmaan. <em>&#8221;Secretz regretz&#8221; &#8211; keskiajan naiskohtaloita<\/em> piirt\u00e4\u00e4 esiin keskiajan ja renessanssin naisen el\u00e4m\u00e4\u00e4  1100\u20131400-luvuilla. Aikakauden runot ja niihin s\u00e4velletty musiikki v\u00e4litt\u00e4v\u00e4t inhimillisten tunteiden kirjon, joka koskettaa my\u00f6s nykykuulijaa.<\/p>\n<p>Syyskausi huipentuu joulukonserttiin Temppeliaukion kirkossa. Pergolesin <em>Salve Regina<\/em>, H\u00e4ndelin aariat ja Bachin ajattomat s\u00e4velet tuovat aidon joulumielen.<\/p>\n<p>Liput Vanhan musiikin sarjaan myy Ticketmaster. Sarjaliput ovat myynniss\u00e4 9.9. 2018 asti Ticketmasterin myyntipisteiss\u00e4 (ei nettiostoa).<\/p>\n","protected":false},"excerpt":{"rendered":"<p>Syyskausi k\u00e4ynnistyy Bachin loistokkaalla h\u00e4\u00e4kantaatilla Weichet nur, betr\u00fcbte Schatten sek\u00e4 Bachin aikalaisten phantasticus-musiikilla Tukholmasta ja Lyypekist\u00e4. Syksyn suurtapahtuma on Amour de loin &#8211; arabien V\u00e4limeri. Se on jatkoa vuoden 2015 uudenvuoden konsertin my\u00f6t\u00e4 ilmi\u00f6ksi nousseelle orkesterin ja fadotaiteilijoiden yhteisty\u00f6lle. Fadon ja barokin yhteyksi\u00e4 tutkinut, suuren suosion saavuttanut projekti j\u00e4i kytem\u00e4\u00e4n taiteilijoiden mieliin ja saa nyt [&hellip;]<\/p>\n","protected":false},"author":6,"featured_media":5413,"comment_status":"closed","ping_status":"closed","sticky":false,"template":"","format":"standard","meta":{"_acf_changed":false,"footnotes":""},"categories":[1],"tags":[],"class_list":["post-5512","post","type-post","status-publish","format-standard","has-post-thumbnail","hentry","category-kuulumiset"],"acf":[],"_links":{"self":[{"href":"https:\/\/www.hebo.fi\/fi\/wp-json\/wp\/v2\/posts\/5512","targetHints":{"allow":["GET"]}}],"collection":[{"href":"https:\/\/www.hebo.fi\/fi\/wp-json\/wp\/v2\/posts"}],"about":[{"href":"https:\/\/www.hebo.fi\/fi\/wp-json\/wp\/v2\/types\/post"}],"author":[{"embeddable":true,"href":"https:\/\/www.hebo.fi\/fi\/wp-json\/wp\/v2\/users\/6"}],"replies":[{"embeddable":true,"href":"https:\/\/www.hebo.fi\/fi\/wp-json\/wp\/v2\/comments?post=5512"}],"version-history":[{"count":1,"href":"https:\/\/www.hebo.fi\/fi\/wp-json\/wp\/v2\/posts\/5512\/revisions"}],"predecessor-version":[{"id":5513,"href":"https:\/\/www.hebo.fi\/fi\/wp-json\/wp\/v2\/posts\/5512\/revisions\/5513"}],"wp:featuredmedia":[{"embeddable":true,"href":"https:\/\/www.hebo.fi\/fi\/wp-json\/wp\/v2\/media\/5413"}],"wp:attachment":[{"href":"https:\/\/www.hebo.fi\/fi\/wp-json\/wp\/v2\/media?parent=5512"}],"wp:term":[{"taxonomy":"category","embeddable":true,"href":"https:\/\/www.hebo.fi\/fi\/wp-json\/wp\/v2\/categories?post=5512"},{"taxonomy":"post_tag","embeddable":true,"href":"https:\/\/www.hebo.fi\/fi\/wp-json\/wp\/v2\/tags?post=5512"}],"curies":[{"name":"wp","href":"https:\/\/api.w.org\/{rel}","templated":true}]}}