{"id":5215,"date":"2017-08-03T13:12:50","date_gmt":"2017-08-03T10:12:50","guid":{"rendered":"https:\/\/www.hebo.fi\/fi\/?p=5215"},"modified":"2017-08-03T13:12:50","modified_gmt":"2017-08-03T10:12:50","slug":"helsingin-barokkiorkesteri-tayttaa-20-vuotta","status":"publish","type":"post","link":"https:\/\/www.hebo.fi\/fi\/2017\/08\/03\/helsingin-barokkiorkesteri-tayttaa-20-vuotta\/","title":{"rendered":"Helsingin Barokkiorkesteri t\u00e4ytt\u00e4\u00e4 20 vuotta"},"content":{"rendered":"<p>Juhlakonsertissa Musiikkitalossa on mukana viisi huippusolistia, suurkuoro ja visualisointi.<\/p>\n<p><strong>Helsingin Barokkiorkesteri<\/strong> juhlii 20-vuotista taivaltaan Musiikkitalossa 24. syyskuuta n\u00e4ytt\u00e4v\u00e4ll\u00e4 ohjelmalla, jonka punaisena lankana on Schumannin ja Bachin v\u00e4linen musiikillinen yhteys.<\/p>\n<p>Solistikaartiin kuuluu viisi kansainv\u00e4list\u00e4 t\u00e4hte\u00e4: brittil\u00e4inen sopraano <strong>Carolyn Sampson<\/strong>, saksalainen kontratenori <strong>Benno Scahchtner<\/strong>, saksalainen tenori <strong>Werner G\u00fcra<\/strong>, brittil\u00e4inen basso <strong>Jonathan Sells<\/strong> sek\u00e4 saksalainen basso <strong>Cornelius Uhle<\/strong>. Grammy-palkittu <strong>Viron filharmonian kamarikuoro<\/strong> huipentaa laulujuhlan.<\/p>\n<p>Konsertin visualisoi orkesterin pitk\u00e4aikainen yhteisty\u00f6kumppani <strong>Kristiina Helin<\/strong>, jonka rajoja rikkovat ohjaukset ja visualisoinnit ovat her\u00e4tt\u00e4neet huomiota maailmanlaajuisesti. Juhlakonserttiin h\u00e4n toteuttaa suuren lankainstallaation, joka el\u00e4\u00e4 hienovaraisesti musiikin mukana.<\/p>\n<p>Konsertin johtaa itseoikeutetusti orkesterin taiteellinen johtaja <strong>Aapo H\u00e4kkinen<\/strong>, joka on luotsannut orkesteria jo 14 vuoden ajan.<\/p>\n<p>Orkesteri syntyi 1997 baarip\u00f6yd\u00e4n \u00e4\u00e4rell\u00e4 ideoituna opiskelijaprojektina. Nyt 20 vuotta my\u00f6hemmin HeBo kuuluu Suomen kansainv\u00e4lisesti menestyneimpiin ammattilaisyhtyeisiin. Orkesteri vierailee arvostetuimmilla areenoilla kotimaassa ja ulkomailla: kuluvana vuonna ohjelmaan kuuluvat mm. kiertueet Euroopassa ja Japanissa. HeBo tuottaa itse konserttisarjoja Helsingiss\u00e4 ja Raumalla sek\u00e4 kes\u00e4festivaalia Janakkalassa. <\/p>\n","protected":false},"excerpt":{"rendered":"<p>Juhlakonsertissa Musiikkitalossa on mukana viisi huippusolistia, suurkuoro ja visualisointi. Helsingin Barokkiorkesteri juhlii 20-vuotista taivaltaan Musiikkitalossa 24. syyskuuta n\u00e4ytt\u00e4v\u00e4ll\u00e4 ohjelmalla, jonka punaisena lankana on Schumannin ja Bachin v\u00e4linen musiikillinen yhteys. Solistikaartiin kuuluu viisi kansainv\u00e4list\u00e4 t\u00e4hte\u00e4: brittil\u00e4inen sopraano Carolyn Sampson, saksalainen kontratenori Benno Scahchtner, saksalainen tenori Werner G\u00fcra, brittil\u00e4inen basso Jonathan Sells sek\u00e4 saksalainen basso Cornelius Uhle. [&hellip;]<\/p>\n","protected":false},"author":6,"featured_media":5214,"comment_status":"closed","ping_status":"closed","sticky":false,"template":"","format":"standard","meta":{"_acf_changed":false,"footnotes":""},"categories":[1],"tags":[],"class_list":["post-5215","post","type-post","status-publish","format-standard","has-post-thumbnail","hentry","category-kuulumiset"],"acf":[],"_links":{"self":[{"href":"https:\/\/www.hebo.fi\/fi\/wp-json\/wp\/v2\/posts\/5215","targetHints":{"allow":["GET"]}}],"collection":[{"href":"https:\/\/www.hebo.fi\/fi\/wp-json\/wp\/v2\/posts"}],"about":[{"href":"https:\/\/www.hebo.fi\/fi\/wp-json\/wp\/v2\/types\/post"}],"author":[{"embeddable":true,"href":"https:\/\/www.hebo.fi\/fi\/wp-json\/wp\/v2\/users\/6"}],"replies":[{"embeddable":true,"href":"https:\/\/www.hebo.fi\/fi\/wp-json\/wp\/v2\/comments?post=5215"}],"version-history":[{"count":1,"href":"https:\/\/www.hebo.fi\/fi\/wp-json\/wp\/v2\/posts\/5215\/revisions"}],"predecessor-version":[{"id":5216,"href":"https:\/\/www.hebo.fi\/fi\/wp-json\/wp\/v2\/posts\/5215\/revisions\/5216"}],"wp:featuredmedia":[{"embeddable":true,"href":"https:\/\/www.hebo.fi\/fi\/wp-json\/wp\/v2\/media\/5214"}],"wp:attachment":[{"href":"https:\/\/www.hebo.fi\/fi\/wp-json\/wp\/v2\/media?parent=5215"}],"wp:term":[{"taxonomy":"category","embeddable":true,"href":"https:\/\/www.hebo.fi\/fi\/wp-json\/wp\/v2\/categories?post=5215"},{"taxonomy":"post_tag","embeddable":true,"href":"https:\/\/www.hebo.fi\/fi\/wp-json\/wp\/v2\/tags?post=5215"}],"curies":[{"name":"wp","href":"https:\/\/api.w.org\/{rel}","templated":true}]}}