{"id":4581,"date":"2015-09-30T11:00:45","date_gmt":"2015-09-30T08:00:45","guid":{"rendered":"https:\/\/www.hebo.fi\/fi\/?p=4581"},"modified":"2015-10-13T10:36:45","modified_gmt":"2015-10-13T07:36:45","slug":"uudenvuoden-juhlakonsertit-myynnissa-nyt","status":"publish","type":"post","link":"https:\/\/www.hebo.fi\/fi\/2015\/09\/30\/uudenvuoden-juhlakonsertit-myynnissa-nyt\/","title":{"rendered":"Fado Barroco &#8211; upeat Uudenvuoden Juhlakonsertit"},"content":{"rendered":"<p>Helsingin Barokkiorkesterin perinteinen Uudenvuoden juhlakonsertti Musiikkitalossa esitet\u00e4\u00e4n t\u00e4n\u00e4 vuonna suuren kysynn\u00e4n vuoksi kaksi kertaa. Lavalle nousee barokkiorkesterin kanssa ryhm\u00e4 maailmankuuluja portugalilaisia fado-muusikoita: t\u00e4htisolisteina\u00a0fado-kitaroiden maustaman orkesterin edess\u00e4 n\u00e4hd\u00e4\u00e4n portugalilainen sopraano<strong> Ana Quintas <\/strong>sek\u00e4 maailmankuulu fado-laulaja <strong>Ricardo Ribeiro<\/strong>. Konsertti yll\u00e4tt\u00e4\u00e4 ja riemastuttaa kutomalla yhteen barokkimusiikkia ja portugalilaista kansanperinnett\u00e4. Varaa lippusi ajoissa &#8211; vuosi huipentuu kahden musiikkikulttuurin syk\u00e4hdytt\u00e4v\u00e4\u00e4n kohtaamiseen!<\/p>\n<h3>Uudenvuoden Juhlakonsertti<br \/>\nFado Barroco<\/h3>\n<p>Musiikkitalo, konserttisali<br \/>\nTo 31.12.2015 klo 19<br \/>\nPe 1.1.2016 klo 16<\/p>\n<p>Ana Quintans, sopraano<br \/>\nRicardo Ribeiro, fadista<br \/>\nMarco Oliveira ja Miguel Amaral, cavaquinho ja kitarat<br \/>\nHelsingin Barokkiorkesteri<br \/>\njohtaa Marcos Magalh\u00e3es<\/p>\n<p><a href=\"http:\/\/www.lippupalvelu.fi\/search\/?keyword=fado+Barroco\">Osta lippu 22 \u20ac &#8211; 57 \u20ac <\/a><\/p>\n<div id=\"attachment_4585\" style=\"width: 662px\" class=\"wp-caption aligncenter\"><img loading=\"lazy\" decoding=\"async\" aria-describedby=\"caption-attachment-4585\" class=\"size-full wp-image-4585\" src=\"https:\/\/www.hebo.fi\/fi\/wp-content\/uploads\/sites\/2\/2015\/09\/anaQuintasNetttiin.jpg\" alt=\"Ana Quintans, kuva: M\u00e1rio Melo Costa \" width=\"652\" height=\"435\" srcset=\"https:\/\/www.hebo.fi\/fi\/wp-content\/uploads\/sites\/2\/2015\/09\/anaQuintasNetttiin.jpg 652w, https:\/\/www.hebo.fi\/fi\/wp-content\/uploads\/sites\/2\/2015\/09\/anaQuintasNetttiin-320x213.jpg 320w, https:\/\/www.hebo.fi\/fi\/wp-content\/uploads\/sites\/2\/2015\/09\/anaQuintasNetttiin-45x30.jpg 45w, https:\/\/www.hebo.fi\/fi\/wp-content\/uploads\/sites\/2\/2015\/09\/anaQuintasNetttiin-150x100.jpg 150w, https:\/\/www.hebo.fi\/fi\/wp-content\/uploads\/sites\/2\/2015\/09\/anaQuintasNetttiin-640x427.jpg 640w\" sizes=\"auto, (max-width: 652px) 100vw, 652px\" \/><p id=\"caption-attachment-4585\" class=\"wp-caption-text\">Ana Quintans, kuva: M\u00e1rio Melo Costa<\/p><\/div>\n<p>&nbsp;<\/p>\n","protected":false},"excerpt":{"rendered":"<p>Helsingin Barokkiorkesterin perinteinen Uudenvuoden juhlakonsertti Musiikkitalossa esitet\u00e4\u00e4n t\u00e4n\u00e4 vuonna suuren kysynn\u00e4n vuoksi kaksi kertaa. Lavalle nousee barokkiorkesterin kanssa ryhm\u00e4 maailmankuuluja portugalilaisia fado-muusikoita: t\u00e4htisolisteina\u00a0fado-kitaroiden maustaman orkesterin edess\u00e4 n\u00e4hd\u00e4\u00e4n portugalilainen sopraano Ana Quintas sek\u00e4 maailmankuulu fado-laulaja Ricardo Ribeiro. Konsertti yll\u00e4tt\u00e4\u00e4 ja riemastuttaa kutomalla yhteen barokkimusiikkia ja portugalilaista kansanperinnett\u00e4. Varaa lippusi ajoissa &#8211; vuosi huipentuu kahden musiikkikulttuurin syk\u00e4hdytt\u00e4v\u00e4\u00e4n [&hellip;]<\/p>\n","protected":false},"author":6,"featured_media":4584,"comment_status":"closed","ping_status":"closed","sticky":false,"template":"","format":"standard","meta":{"_acf_changed":false,"footnotes":""},"categories":[1],"tags":[],"class_list":["post-4581","post","type-post","status-publish","format-standard","has-post-thumbnail","hentry","category-kuulumiset"],"acf":[],"_links":{"self":[{"href":"https:\/\/www.hebo.fi\/fi\/wp-json\/wp\/v2\/posts\/4581","targetHints":{"allow":["GET"]}}],"collection":[{"href":"https:\/\/www.hebo.fi\/fi\/wp-json\/wp\/v2\/posts"}],"about":[{"href":"https:\/\/www.hebo.fi\/fi\/wp-json\/wp\/v2\/types\/post"}],"author":[{"embeddable":true,"href":"https:\/\/www.hebo.fi\/fi\/wp-json\/wp\/v2\/users\/6"}],"replies":[{"embeddable":true,"href":"https:\/\/www.hebo.fi\/fi\/wp-json\/wp\/v2\/comments?post=4581"}],"version-history":[{"count":6,"href":"https:\/\/www.hebo.fi\/fi\/wp-json\/wp\/v2\/posts\/4581\/revisions"}],"predecessor-version":[{"id":4603,"href":"https:\/\/www.hebo.fi\/fi\/wp-json\/wp\/v2\/posts\/4581\/revisions\/4603"}],"wp:featuredmedia":[{"embeddable":true,"href":"https:\/\/www.hebo.fi\/fi\/wp-json\/wp\/v2\/media\/4584"}],"wp:attachment":[{"href":"https:\/\/www.hebo.fi\/fi\/wp-json\/wp\/v2\/media?parent=4581"}],"wp:term":[{"taxonomy":"category","embeddable":true,"href":"https:\/\/www.hebo.fi\/fi\/wp-json\/wp\/v2\/categories?post=4581"},{"taxonomy":"post_tag","embeddable":true,"href":"https:\/\/www.hebo.fi\/fi\/wp-json\/wp\/v2\/tags?post=4581"}],"curies":[{"name":"wp","href":"https:\/\/api.w.org\/{rel}","templated":true}]}}